{"id":424,"date":"2024-10-10T15:37:37","date_gmt":"2024-10-10T15:37:37","guid":{"rendered":"https:\/\/sgp.rzeszow.pl\/?p=424"},"modified":"2024-10-17T08:50:55","modified_gmt":"2024-10-17T08:50:55","slug":"nadzwyczajne-zgromadzenie-delegatow-sgp-i-wybranie-nowego-prezesa-oddzialu-9-10-2024","status":"publish","type":"post","link":"https:\/\/sgp.rzeszow.pl\/index.php\/2024\/10\/10\/nadzwyczajne-zgromadzenie-delegatow-sgp-i-wybranie-nowego-prezesa-oddzialu-9-10-2024\/","title":{"rendered":"NADZWYCZAJNE ZGROMADZENIE DELEGAT\u00d3W SGP I WYB\u00d3R NOWEGO PREZESA ODDZIA\u0141U 9.10.2024"},"content":{"rendered":"\n<p><\/p>\n\n\n\n<p><\/p>\n\n\n\n<figure class=\"wp-block-image size-large is-resized\"><img loading=\"lazy\" decoding=\"async\" width=\"1024\" height=\"577\" src=\"https:\/\/sgp.rzeszow.pl\/wp-content\/uploads\/2024\/10\/aa-1024x577.jpg\" alt=\"\" class=\"wp-image-435\" style=\"width:157px;height:auto\" srcset=\"https:\/\/sgp.rzeszow.pl\/wp-content\/uploads\/2024\/10\/aa-1024x577.jpg 1024w, https:\/\/sgp.rzeszow.pl\/wp-content\/uploads\/2024\/10\/aa-300x169.jpg 300w, https:\/\/sgp.rzeszow.pl\/wp-content\/uploads\/2024\/10\/aa-150x85.jpg 150w, https:\/\/sgp.rzeszow.pl\/wp-content\/uploads\/2024\/10\/aa-768x433.jpg 768w, https:\/\/sgp.rzeszow.pl\/wp-content\/uploads\/2024\/10\/aa.jpg 1200w\" sizes=\"auto, (max-width: 1024px) 100vw, 1024px\" \/><\/figure>\n\n\n\n<p>PROTOK\u00d3\u0141 Z NADZWYCZAJNEGO ZGROMADZENIA DELEGAT\u00d3W<br>ODDZIA\u0141U STOWARZYSZENIA GEODET\u00d3W POLSKICH W RZESZOWIE<br><br><\/p>\n\n\n\n<ol class=\"wp-block-list\">\n<li>REJESTRACJA UCZESTNIK\u00d3W, POBRANIE MANDAT\u00d3W<\/li>\n<\/ol>\n\n\n\n<p>Przyby\u0142ym na Nadzwyczajne Zgromadzenie Delegat\u00f3w zosta\u0142y wydane mandaty, porz\u0105dek obrad<br>i Regulamin Nadzwyczajnego Walnego Zgromadzenia Delegat\u00f3w.&nbsp;&nbsp;&nbsp;<\/p>\n\n\n\n<ul class=\"wp-block-list\">\n<li>OTWARCIE ZGROMADZENIA, POWO\u0141ANIE PRZEWODNICZ\u0104CEGO ZGROMADZENIA<\/li>\n<\/ul>\n\n\n\n<p>Nadzwyczajne Zgromadzenie Delegat\u00f3w rozpocz\u0105\u0142 i przyby\u0142ych delegat\u00f3w powita\u0142 p.o. Prezesa Oddzia\u0142u kol. Antoni Bosek. Nast\u0119pnie przedstawi\u0142 podstawy i cel zwo\u0142ania &nbsp;Nadzwyczajnego Zgromadzenia. Nast\u0119pnie zaproponowa\u0142 aby na Przewodnicz\u0105cego Zgromadzenia powo\u0142a\u0107 kol. Stanis\u0142awa Adamczyka, kt\u00f3ry wyrazi\u0142 zgod\u0119 na pe\u0142nienie tej funkcji. Propozycja kol. Antoniego Boska zosta\u0142a poddana pod g\u0142osowanie jawne poprzez podniesienie mandatu. Kandydatura zosta\u0142a przyj\u0119ta jednog\u0142o\u015bnie. Dalsze prowadzenie Nadzwyczajnego Zgromadzenia kol. Antoni Bosek przekaza\u0142 Przewodnicz\u0105cemu Zgromadzenia kol. Stanis\u0142awowi Adamczykowi.<\/p>\n\n\n\n<ul class=\"wp-block-list\">\n<li>ZATWIERDZENIE PORZ\u0104DKU OBRAD, UCHWALENIE REGULAMINU I WYB\u00d3R SEKRETARZA NADZWYCZAJNEGO ZGROMADZENIA<\/li>\n<\/ul>\n\n\n\n<p>Porz\u0105dek obrad i Regulamin Nadzwyczajnego Zgromadzenia, przekazane Delegatom przy rejestracji poddano g\u0142osowaniu jawnemu poprzez podniesienie mandatu. Ww. dokumenty zosta\u0142y przyj\u0119te jednog\u0142o\u015bnie. Nast\u0119pnie Przewodnicz\u0105cy Zgromadzenia zaproponowa\u0142 aby Sekretarzem Zgromadzenia zosta\u0142a kol. Beata Salzberg-Marsza\u0142, kt\u00f3ra wyrazi\u0142a zgod\u0119 na pe\u0142nienie tej funkcji. Propozycja kol. Stanis\u0142awa Adamczyka zosta\u0142a poddana pod g\u0142osowanie jawne poprzez podniesienie mandatu. Kandydatura zosta\u0142a przyj\u0119ta jednog\u0142o\u015bnie.&nbsp; &nbsp;<\/p>\n\n\n\n<ul class=\"wp-block-list\">\n<li>POWO\u0141ANIE KOMISJI MANDATOWO \u2013 WYBORCZEJ I SKRUTACYJNEJ<\/li>\n<\/ul>\n\n\n\n<p>Do Komisji Mandatowo \u2013 Wyborczej zaproponowano:<\/p>\n\n\n\n<p>&#8211; kol. Zdzis\u0142aw Ob\u0142\u00f3j<\/p>\n\n\n\n<p>&#8211; kol. Jacek Fura<\/p>\n\n\n\n<p>&#8211; kol. Waldemar Pi\u0105tek<\/p>\n\n\n\n<p>&nbsp;Wszyscy kandydaci wyrazili zgod\u0119 na prac\u0119 w Komisji Mandatowo \u2013 Wyborczej.<\/p>\n\n\n\n<p>Sk\u0142ad Komisji zosta\u0142 poddany pod g\u0142osowanie i zosta\u0142 przyj\u0119ty jednog\u0142o\u015bnie.<\/p>\n\n\n\n<p>Do Komisji Skrutacyjnej zaproponowano:<\/p>\n\n\n\n<p>&#8211; kol. Miros\u0142aw\u0119 Olbrycht \u2013 Gr\u0119bowiec<\/p>\n\n\n\n<p>&#8211; kol. Edyt\u0119 Miko\u0142ajczak<\/p>\n\n\n\n<p>&#8211; kol. Marcina Strusi\u0144skiego<\/p>\n\n\n\n<p>Wszyscy kandydaci wyrazili zgod\u0119 na prac\u0119 w Komisji Skrutacyjnej<\/p>\n\n\n\n<p>Sk\u0142ad Komisji zosta\u0142 poddany pod g\u0142osowanie i zosta\u0142 przyj\u0119ty jednog\u0142o\u015bnie.<\/p>\n\n\n\n<ul class=\"wp-block-list\">\n<li>SPRAWOZDANIE KOMISJI MANDATOWO \u2013 WYBORCZEJ<\/li>\n<\/ul>\n\n\n\n<p>Komisja Mandatowo \u2013 Wyborcza w sk\u0142adzie kol. Zdzis\u0142aw Ob\u0142\u00f3j \u2013 przewodnicz\u0105cy, kol. Waldemar Pi\u0105tek \u2013 cz\u0142onka, kol. Jacek Fura \u2013 cz\u0142onek, ustali\u0142a \u017ce na Nadzwyczajnym Zgromadzeniu Delegat\u00f3w obecnych jest 16 Delegat\u00f3w na 25 wybranych wg klucza wyborczego co stanowi 64% og\u00f3lnej liczby Delegat\u00f3w. Zgodnie z \u00a746 Statutu SGP \u2013 Zgromadzenie posiada prawo do podejmowania uchwa\u0142.<\/p>\n\n\n\n<ul class=\"wp-block-list\">\n<li>WYBORY PREZESA ZARZ\u0104DU ODDZIA\u0141U<\/li>\n<\/ul>\n\n\n\n<p>Przewodnicz\u0105cy Zgromadzenia zaproponowa\u0142, aby dla sprawniejszego przeprowadzenia wybor\u00f3w, g\u0142osowanie na Prezesa Oddzia\u0142u odby\u0142o si\u0119 w spos\u00f3b jawny \u2013 poprzez podniesienie mandatu. Propozycja Przewodnicz\u0105cego zosta\u0142a poddana pod g\u0142osowanie i zosta\u0142a przyj\u0119ta jednog\u0142o\u015bnie.<\/p>\n\n\n\n<p>Przewodnicz\u0105cy Komisji Mandatowo \u2013 Wyborczej kol. Zdzis\u0142aw Ob\u0142\u00f3j zaproponowa\u0142 aby Prezesem Oddzia\u0142u zosta\u0142 kol. Robert Korzeniowski pe\u0142ni\u0105cy dotychczas funkcj\u0119 Skarbnika Oddzia\u0142u. Kol. Zdzis\u0142aw Ob\u0142\u00f3j przedstawi\u0142 profil kandydata na Prezesa. Komisja Mandatowo \u2013 Wyborcza uzyska\u0142a zgod\u0119 kol. Roberta Korzeniowskiego na kandydowanie na Prezesa Oddzia\u0142u. Innych propozycji na Prezesa Oddzia\u0142u nie by\u0142o.<\/p>\n\n\n\n<p>Kandydatur\u0119 kol. Roberta Korzeniowskiego poddano pod g\u0142osowanie.<\/p>\n\n\n\n<ul class=\"wp-block-list\">\n<li>SPRAWOZDANIE KOMISJI SKRUTACYJNEJ \u2013 WYNIKI WYBOR\u00d3W<\/li>\n<\/ul>\n\n\n\n<p>Komisja Skrutacyjna w sk\u0142adzie kol. Marcin Strusi\u0144ski \u2013 przewodnicz\u0105cy, kol. Edyta Miko\u0142ajczak \u2013 cz\u0142onek, kol. Miros\u0142awa Olbrycht \u2013 Gr\u0119bowiec \u2013 cz\u0142onek, stwierdzi\u0142a \u017ce na Nadzwyczajnym Zgromadzeniu Delegat\u00f3w, zgodnie z list\u0105 obecno\u015bci, obecnych jest 16 Delegat\u00f3w uprawnionych. Za wyborem kol. Roberta Korzeniowskiego g\u0142osowa\u0142o 15 Delegat\u00f3w, nikt nie by\u0142 przeciw, 1 Delegat wstrzyma\u0142 si\u0119 od g\u0142osu.<\/p>\n\n\n\n<p>Komisja stwierdzi\u0142a, \u017ce przeprowadzone wybory s\u0105 wa\u017cne a Prezesem Oddzia\u0142u Stowarzyszenia Geodet\u00f3w Polskich w Rzeszowie zosta\u0142 wybrany kol. Robert Korzeniowski.<\/p>\n\n\n\n<p>Wiceprezesi Oddzia\u0142u oraz zgromadzeni Delegaci pogratulowali kol. Robertowi Korzeniowskiemu wyboru na stanowisko Prezesa Oddzia\u0142u. Przewodnicz\u0105cy Zgromadzenia przekaza\u0142 dalsze prowadzenie Zgromadzenia nowo wybranemu Prezesowi.<\/p>\n\n\n\n<ul class=\"wp-block-list\">\n<li>WYST\u0104PIENIE WYBRANEGO PREZESA ODDZIA\u0141U SGP<\/li>\n<\/ul>\n\n\n\n<p>Kol. Robert Korzeniowski podzi\u0119kowa\u0142 zebranym za wyb\u00f3r i poprosi\u0142 zebranych o wsp\u00f3\u0142prac\u0119<br>w podejmowanych przez niego dzia\u0142aniach, podkre\u015blaj\u0105c jednocze\u015bnie \u017ce bez wsparcia sam, cho\u0107by nie wiadomo jak si\u0119 stara\u0142, nie zdzia\u0142a nic. Nast\u0119pnie przedstawi\u0142 stan liczbowy Oddzia\u0142u, ze wskazaniem liczby cz\u0142onk\u00f3w w poszczeg\u00f3lnych ko\u0142ach oraz wymieni\u0142 ich Prezes\u00f3w. Nadmieni\u0142 r\u00f3wnie\u017c, \u017ce obejmowany przez niego Oddzia\u0142 na bie\u017c\u0105co realizuje swoje zobowi\u0105zania finansowe.<\/p>\n\n\n\n<ul class=\"wp-block-list\">\n<li>PODSUMOWANIE I ZAMKNI\u0118CIE OBRAD<\/li>\n<\/ul>\n\n\n\n<p>W trakcie Zgromadzenia przyby\u0142 kol. Karol O\u017c\u00f3g \u2013 cz\u0142onek Zarz\u0105du Oddzia\u0142u i Wicemarsza\u0142ek Wojew\u00f3dztwa Podkarpackiego. Pogratulowa\u0142 kol. Robertowi Korzeniowskiemu wyboru na stanowisko Prezesa oraz zadeklarowa\u0142 ch\u0119\u0107 obj\u0119cia honorowym patronatem Urz\u0119du Marsza\u0142kowskiego, inicjatyw Oddzia\u0142u SGP w Rzeszowie.&nbsp; Ze wzgl\u0119du na liczne obowi\u0105zki w Urz\u0119dzie Marsza\u0142kowskim kol. Karol O\u017c\u00f3g opu\u015bci\u0142 spotkanie przed jego zako\u0144czeniem.<\/p>\n\n\n\n<p>Nast\u0119pnie g\u0142os zabra\u0142a&nbsp; kol. Bogumi\u0142a Fac, dzi\u0119kuj\u0105c kol. Robertowi Korzeniowskiemu \u017ce zgodzi\u0142 si\u0119 kandydowa\u0107 na stanowisko Prezesa Oddzia\u0142u w sytuacji gdy istnia\u0142o realne zagro\u017cenie jego likwidacji po z\u0142o\u017ceniu rezygnacji przez poprzedniego Prezesa. &nbsp;Kol. Stanis\u0142aw Adamczyk uzupe\u0142ni\u0142 wypowied\u017a kol. Bogus\u0142awy Fac wyja\u015bniaj\u0105c zgromadzonym, \u017ce rozmowy w tej sprawie prowadzone by\u0142y od listopada ubieg\u0142ego roku. G\u0142os zabra\u0142 r\u00f3wnie\u017c kol. Krzysztof Cisek \u2013 Delegat i honorowy cz\u0142onek SGP poruszaj\u0105c bie\u017c\u0105ce sprawy Oddzia\u0142u.<\/p>\n\n\n\n<p>Po wyczerpaniu porz\u0105dku obrad &#8211; Prezes Oddzia\u0142u kol. Robert Korzeniowski zako\u0144czy\u0142 Nadzwyczajne Zgromadzenie Delegat\u00f3w Oddzia\u0142u SGP w Rzeszowie.<\/p>\n\n\n\n<p>Na tym protok\u00f3\u0142 zako\u0144czono.<\/p>\n\n\n\n<p>Sporz\u0105dzi\u0142a:<\/p>\n\n\n\n<p>Beata Salzberg-Marsza\u0142<\/p>\n","protected":false},"excerpt":{"rendered":"<p>PROTOK\u00d3\u0141 Z NADZWYCZAJNEGO ZGROMADZENIA DELEGAT\u00d3WODDZIA\u0141U STOWARZYSZENIA GEODET\u00d3W POLSKICH W RZESZOWIE Przyby\u0142ym na Nadzwyczajne Zgromadzenie Delegat\u00f3w zosta\u0142y wydane mandaty, porz\u0105dek obradi Regulamin Nadzwyczajnego Walnego Zgromadzenia Delegat\u00f3w.&nbsp;&nbsp;&nbsp; Nadzwyczajne Zgromadzenie Delegat\u00f3w rozpocz\u0105\u0142 i przyby\u0142ych delegat\u00f3w powita\u0142 p.o. Prezesa Oddzia\u0142u kol. Antoni Bosek. Nast\u0119pnie przedstawi\u0142 podstawy i cel zwo\u0142ania &nbsp;Nadzwyczajnego Zgromadzenia. Nast\u0119pnie zaproponowa\u0142 aby na Przewodnicz\u0105cego Zgromadzenia powo\u0142a\u0107 kol.&hellip; <a class=\"more-link\" href=\"https:\/\/sgp.rzeszow.pl\/index.php\/2024\/10\/10\/nadzwyczajne-zgromadzenie-delegatow-sgp-i-wybranie-nowego-prezesa-oddzialu-9-10-2024\/\">Czytaj dalej <span class=\"screen-reader-text\">NADZWYCZAJNE ZGROMADZENIE DELEGAT\u00d3W SGP I WYB\u00d3R NOWEGO PREZESA ODDZIA\u0141U 9.10.2024<\/span><\/a><\/p>\n","protected":false},"author":1,"featured_media":0,"comment_status":"open","ping_status":"open","sticky":false,"template":"","format":"standard","meta":{"footnotes":""},"categories":[1],"tags":[],"class_list":["post-424","post","type-post","status-publish","format-standard","hentry","category-uncategorized","entry"],"_links":{"self":[{"href":"https:\/\/sgp.rzeszow.pl\/index.php\/wp-json\/wp\/v2\/posts\/424","targetHints":{"allow":["GET"]}}],"collection":[{"href":"https:\/\/sgp.rzeszow.pl\/index.php\/wp-json\/wp\/v2\/posts"}],"about":[{"href":"https:\/\/sgp.rzeszow.pl\/index.php\/wp-json\/wp\/v2\/types\/post"}],"author":[{"embeddable":true,"href":"https:\/\/sgp.rzeszow.pl\/index.php\/wp-json\/wp\/v2\/users\/1"}],"replies":[{"embeddable":true,"href":"https:\/\/sgp.rzeszow.pl\/index.php\/wp-json\/wp\/v2\/comments?post=424"}],"version-history":[{"count":14,"href":"https:\/\/sgp.rzeszow.pl\/index.php\/wp-json\/wp\/v2\/posts\/424\/revisions"}],"predecessor-version":[{"id":446,"href":"https:\/\/sgp.rzeszow.pl\/index.php\/wp-json\/wp\/v2\/posts\/424\/revisions\/446"}],"wp:attachment":[{"href":"https:\/\/sgp.rzeszow.pl\/index.php\/wp-json\/wp\/v2\/media?parent=424"}],"wp:term":[{"taxonomy":"category","embeddable":true,"href":"https:\/\/sgp.rzeszow.pl\/index.php\/wp-json\/wp\/v2\/categories?post=424"},{"taxonomy":"post_tag","embeddable":true,"href":"https:\/\/sgp.rzeszow.pl\/index.php\/wp-json\/wp\/v2\/tags?post=424"}],"curies":[{"name":"wp","href":"https:\/\/api.w.org\/{rel}","templated":true}]}}